{"id":33627,"date":"2025-12-08T10:34:06","date_gmt":"2025-12-08T16:34:06","guid":{"rendered":"https:\/\/w32.mx\/sitio\/?p=33627"},"modified":"2025-12-08T10:34:40","modified_gmt":"2025-12-08T16:34:40","slug":"los-5-dolores-de-cabeza-mas-frecuentes-en-un-taller-automotriz","status":"publish","type":"post","link":"https:\/\/w32.mx\/sitio\/los-5-dolores-de-cabeza-mas-frecuentes-en-un-taller-automotriz","title":{"rendered":"Los 5 dolores de cabeza m\u00e1s frecuentes en un taller automotriz"},"content":{"rendered":"\t\t<div data-elementor-type=\"wp-post\" data-elementor-id=\"33627\" class=\"elementor elementor-33627\" data-elementor-settings=\"[]\">\n\t\t\t\t\t\t<div class=\"elementor-inner\">\n\t\t\t\t\t\t\t<div class=\"elementor-section-wrap\">\n\t\t\t\t\t\t\t<section class=\"elementor-section elementor-top-section elementor-element elementor-element-494c77b elementor-section-boxed elementor-section-height-default elementor-section-height-default\" data-id=\"494c77b\" data-element_type=\"section\">\n\t\t\t\t\t\t<div class=\"elementor-container elementor-column-gap-default\">\n\t\t\t\t\t\t\t<div class=\"elementor-row\">\n\t\t\t\t\t<div class=\"elementor-column elementor-col-100 elementor-top-column elementor-element elementor-element-962ac3e\" data-id=\"962ac3e\" data-element_type=\"column\">\n\t\t\t<div class=\"elementor-column-wrap elementor-element-populated\">\n\t\t\t\t\t\t\t<div class=\"elementor-widget-wrap\">\n\t\t\t\t\t\t<div class=\"elementor-element elementor-element-f168145 elementor-widget elementor-widget-heading\" data-id=\"f168145\" data-element_type=\"widget\" data-widget_type=\"heading.default\">\n\t\t\t\t<div class=\"elementor-widget-container\">\n\t\t\t<h2 class=\"elementor-heading-title elementor-size-default\">Los 5 dolores de cabez m\u00e1s frecuentes en un taller automotriz<\/h2>\t\t<\/div>\n\t\t\t\t<\/div>\n\t\t\t\t\t\t<\/div>\n\t\t\t\t\t<\/div>\n\t\t<\/div>\n\t\t\t\t\t\t\t\t<\/div>\n\t\t\t\t\t<\/div>\n\t\t<\/section>\n\t\t\t\t<section class=\"elementor-section elementor-top-section elementor-element elementor-element-ba98721 elementor-section-boxed elementor-section-height-default elementor-section-height-default\" data-id=\"ba98721\" data-element_type=\"section\">\n\t\t\t\t\t\t<div class=\"elementor-container elementor-column-gap-default\">\n\t\t\t\t\t\t\t<div class=\"elementor-row\">\n\t\t\t\t\t<div class=\"elementor-column elementor-col-100 elementor-top-column elementor-element elementor-element-bcb91e1\" data-id=\"bcb91e1\" data-element_type=\"column\">\n\t\t\t<div class=\"elementor-column-wrap elementor-element-populated\">\n\t\t\t\t\t\t\t<div class=\"elementor-widget-wrap\">\n\t\t\t\t\t\t<div class=\"elementor-element elementor-element-2953f85 elementor-widget elementor-widget-text-editor\" data-id=\"2953f85\" data-element_type=\"widget\" data-widget_type=\"text-editor.default\">\n\t\t\t\t<div class=\"elementor-widget-container\">\n\t\t\t\t\t\t\t\t<div class=\"elementor-text-editor elementor-clearfix\">\n\t\t\t\t\t<p>En los talleres automotrices, los retrasos, la falta de control y la comunicaci\u00f3n deficiente se traducen en p\u00e9rdidas constantes. Esta infograf\u00eda re\u00fane los cinco problemas que m\u00e1s frenan la productividad y muestra c\u00f3mo una soluci\u00f3n digital especializada puede transformar cada etapa del servicio. Un camino directo hacia m\u00e1s orden, eficiencia y rentabilidad.<\/p>\t\t\t\t\t<\/div>\n\t\t\t\t\t\t<\/div>\n\t\t\t\t<\/div>\n\t\t\t\t\t\t<\/div>\n\t\t\t\t\t<\/div>\n\t\t<\/div>\n\t\t\t\t\t\t\t\t<\/div>\n\t\t\t\t\t<\/div>\n\t\t<\/section>\n\t\t\t\t<section class=\"elementor-section elementor-top-section elementor-element elementor-element-5b0b9e7 elementor-section-boxed elementor-section-height-default elementor-section-height-default\" data-id=\"5b0b9e7\" data-element_type=\"section\">\n\t\t\t\t\t\t<div class=\"elementor-container elementor-column-gap-default\">\n\t\t\t\t\t\t\t<div class=\"elementor-row\">\n\t\t\t\t\t<div class=\"elementor-column elementor-col-100 elementor-top-column elementor-element elementor-element-5d7259e\" data-id=\"5d7259e\" data-element_type=\"column\">\n\t\t\t<div class=\"elementor-column-wrap elementor-element-populated\">\n\t\t\t\t\t\t\t<div class=\"elementor-widget-wrap\">\n\t\t\t\t\t\t<div class=\"elementor-element elementor-element-3bdc1c7 elementor-widget elementor-widget-image\" data-id=\"3bdc1c7\" data-element_type=\"widget\" data-widget_type=\"image.default\">\n\t\t\t\t<div class=\"elementor-widget-container\">\n\t\t\t\t\t\t\t\t<div class=\"elementor-image\">\n\t\t\t\t\t\t\t\t\t\t\t\t<img width=\"410\" height=\"1024\" src=\"https:\/\/w32.mx\/sitio\/wp-content\/uploads\/2025\/12\/Infografia-5-Dolores-de-cabeza-en-un-taller-410x1024.png\" class=\"attachment-large size-large\" alt=\"\" decoding=\"async\" loading=\"lazy\" srcset=\"https:\/\/w32.mx\/sitio\/wp-content\/uploads\/2025\/12\/Infografia-5-Dolores-de-cabeza-en-un-taller-410x1024.png 410w, https:\/\/w32.mx\/sitio\/wp-content\/uploads\/2025\/12\/Infografia-5-Dolores-de-cabeza-en-un-taller-120x300.png 120w, https:\/\/w32.mx\/sitio\/wp-content\/uploads\/2025\/12\/Infografia-5-Dolores-de-cabeza-en-un-taller-768x1920.png 768w, https:\/\/w32.mx\/sitio\/wp-content\/uploads\/2025\/12\/Infografia-5-Dolores-de-cabeza-en-un-taller.png 800w\" sizes=\"(max-width: 410px) 100vw, 410px\" \/>\t\t\t\t\t\t\t\t\t\t\t\t\t\t<\/div>\n\t\t\t\t\t\t<\/div>\n\t\t\t\t<\/div>\n\t\t\t\t\t\t<\/div>\n\t\t\t\t\t<\/div>\n\t\t<\/div>\n\t\t\t\t\t\t\t\t<\/div>\n\t\t\t\t\t<\/div>\n\t\t<\/section>\n\t\t\t\t<section class=\"elementor-section elementor-top-section elementor-element elementor-element-e969404 elementor-section-boxed elementor-section-height-default elementor-section-height-default\" data-id=\"e969404\" data-element_type=\"section\">\n\t\t\t\t\t\t<div class=\"elementor-container elementor-column-gap-default\">\n\t\t\t\t\t\t\t<div class=\"elementor-row\">\n\t\t\t\t\t<div class=\"elementor-column elementor-col-100 elementor-top-column elementor-element elementor-element-72b3584a\" data-id=\"72b3584a\" data-element_type=\"column\">\n\t\t\t<div class=\"elementor-column-wrap elementor-element-populated\">\n\t\t\t\t\t\t\t<div class=\"elementor-widget-wrap\">\n\t\t\t\t\t\t<div class=\"elementor-element elementor-element-5863ac0d elementor-align-center elementor-widget elementor-widget-button\" data-id=\"5863ac0d\" data-element_type=\"widget\" data-widget_type=\"button.default\">\n\t\t\t\t<div class=\"elementor-widget-container\">\n\t\t\t\t\t<div class=\"elementor-button-wrapper\">\n\t\t\t<a href=\"https:\/\/w32.mx\/sitio\/contacto\" class=\"elementor-button-link elementor-button elementor-size-md\" role=\"button\">\n\t\t\t\t\t\t<span class=\"elementor-button-content-wrapper\">\n\t\t\t\t\t\t<span class=\"elementor-button-text\">Contactar para m\u00e1s informaci\u00f3n<\/span>\n\t\t<\/span>\n\t\t\t\t\t<\/a>\n\t\t<\/div>\n\t\t\t\t<\/div>\n\t\t\t\t<\/div>\n\t\t\t\t\t\t<\/div>\n\t\t\t\t\t<\/div>\n\t\t<\/div>\n\t\t\t\t\t\t\t\t<\/div>\n\t\t\t\t\t<\/div>\n\t\t<\/section>\n\t\t\t\t\t\t<\/div>\n\t\t\t\t\t\t<\/div>\n\t\t\t\t\t<\/div>\n\t\t","protected":false},"excerpt":{"rendered":"<p>Los 5 dolores de cabez m\u00e1s frecuentes en un taller automotriz En los talleres automotrices, los retrasos, la falta de control y la comunicaci\u00f3n deficiente se traducen en p\u00e9rdidas constantes. Esta infograf\u00eda re\u00fane los cinco problemas que m\u00e1s frenan la productividad y muestra c\u00f3mo una soluci\u00f3n digital especializada puede transformar cada etapa del servicio. Un [&hellip;]<\/p>\n","protected":false},"author":1,"featured_media":33628,"comment_status":"open","ping_status":"open","sticky":false,"template":"","format":"standard","meta":{"om_disable_all_campaigns":false,"_monsterinsights_skip_tracking":false,"_monsterinsights_sitenote_active":false,"_monsterinsights_sitenote_note":"","_monsterinsights_sitenote_category":0,"_uf_show_specific_survey":0,"_uf_disable_surveys":false},"categories":[8],"tags":[],"_links":{"self":[{"href":"https:\/\/w32.mx\/sitio\/wp-json\/wp\/v2\/posts\/33627"}],"collection":[{"href":"https:\/\/w32.mx\/sitio\/wp-json\/wp\/v2\/posts"}],"about":[{"href":"https:\/\/w32.mx\/sitio\/wp-json\/wp\/v2\/types\/post"}],"author":[{"embeddable":true,"href":"https:\/\/w32.mx\/sitio\/wp-json\/wp\/v2\/users\/1"}],"replies":[{"embeddable":true,"href":"https:\/\/w32.mx\/sitio\/wp-json\/wp\/v2\/comments?post=33627"}],"version-history":[{"count":4,"href":"https:\/\/w32.mx\/sitio\/wp-json\/wp\/v2\/posts\/33627\/revisions"}],"predecessor-version":[{"id":33633,"href":"https:\/\/w32.mx\/sitio\/wp-json\/wp\/v2\/posts\/33627\/revisions\/33633"}],"wp:featuredmedia":[{"embeddable":true,"href":"https:\/\/w32.mx\/sitio\/wp-json\/wp\/v2\/media\/33628"}],"wp:attachment":[{"href":"https:\/\/w32.mx\/sitio\/wp-json\/wp\/v2\/media?parent=33627"}],"wp:term":[{"taxonomy":"category","embeddable":true,"href":"https:\/\/w32.mx\/sitio\/wp-json\/wp\/v2\/categories?post=33627"},{"taxonomy":"post_tag","embeddable":true,"href":"https:\/\/w32.mx\/sitio\/wp-json\/wp\/v2\/tags?post=33627"}],"curies":[{"name":"wp","href":"https:\/\/api.w.org\/{rel}","templated":true}]}}